{"id":13552,"date":"2025-01-04T13:09:06","date_gmt":"2025-01-04T13:09:06","guid":{"rendered":"https:\/\/madeiracarrentals.com\/rent-a-car-madeira-prezentare-generala\/"},"modified":"2025-11-01T15:02:37","modified_gmt":"2025-11-01T15:02:37","slug":"rent-a-car-madeira-prezentare-generala","status":"publish","type":"post","link":"https:\/\/madeiracarrentals.com\/ro\/rent-a-car-madeira-prezentare-generala\/","title":{"rendered":"Rent-A-Car Madeira prezentare general\u0103"},"content":{"rendered":"\t\t<div data-elementor-type=\"wp-post\" data-elementor-id=\"13552\" class=\"elementor elementor-13552 elementor-5802\" data-elementor-post-type=\"post\">\n\t\t\t\t<div class=\"elementor-element elementor-element-4a439ef e-flex e-con-boxed e-con e-parent\" data-id=\"4a439ef\" data-element_type=\"container\" data-e-type=\"container\" data-settings=\"{&quot;background_background&quot;:&quot;classic&quot;}\">\n\t\t\t\t\t<div class=\"e-con-inner\">\n\t\t\t\t<div class=\"elementor-element elementor-element-b9a5d1f elementor-widget elementor-widget-html\" data-id=\"b9a5d1f\" data-element_type=\"widget\" data-e-type=\"widget\" data-widget_type=\"html.default\">\n\t\t\t\t\t<!-- \ud83d\ude97 Rent-A-Car Madeira \u2013 Hero blokk: log\u00f3 k\u00f6z\u00e9pen, c\u00edm k\u00f6z\u00e9pen, sz\u00f6veg balra (m\u00e1rkasz\u00edn: #EC7424) -->\r\n<section id=\"rentacarmadeira-hero-logo\">\r\n  <link href=\"https:\/\/fonts.googleapis.com\/css2?family=Oswald:wght@600;700;800&display=swap\" rel=\"stylesheet\">\r\n\r\n  <div class=\"wrap\">\r\n    <header class=\"hero\" data-wm=\"RENT-A-CAR MADEIRA\">\r\n      <!-- LOG\u00d3 (k\u00f6z\u00e9pen) -->\r\n      <div class=\"brand\">\r\n        <div class=\"logo-frame\">\r\n          <img decoding=\"async\"\r\n            src=\"https:\/\/madeiracarrentals.com\/wp-content\/uploads\/2025\/02\/Nevtelen-terv-55.png\"\r\n            alt=\"Rent-A-Car Madeira log\u00f3\"\r\n            loading=\"lazy\"\r\n          \/>\r\n        <\/div>\r\n      <\/div>\r\n\r\n      <!-- C\u00cdM (k\u00f6z\u00e9pre igaz\u00edtva) -->\r\n      <h1>Rent-A-Car Madeira -  \u00eenchirieri auto de \u00eencredere \u00een Madeira<\/h1>\r\n\r\n      <!-- SZ\u00d6VEG (balra, v\u00e1ltoztat\u00e1s n\u00e9lk\u00fcl) -->\r\n      <p class=\"lead\">\r\n        Rent-A-Car Madeira este un serviciu de \u00eenchirieri auto de \u00eencredere \u0219i flexibil, creat pentru a-\u021bi simplifica c\u0103l\u0103toriile \u00een Madeira. Cu o flot\u0103 modern\u0103 \u0219i condi\u021bii de \u00eenchiriere clare, ofer\u0103 o experien\u021b\u0103 f\u0103r\u0103 griji, f\u0103r\u0103 complica\u021biile obi\u0219nuite \u2014 f\u0103r\u0103 card de credit, f\u0103r\u0103 depozit \u0219i f\u0103r\u0103 taxe ascunse. Ma\u0219ina poate fi livrat\u0103 direct la unitatea ta de cazare, ca s\u0103 \u00ee\u021bi \u00eencepi lini\u0219tit aventura \u00een Madeira. Rent-A-Car Madeira te ajut\u0103 s\u0103 te concentrezi pe explorarea insulei \u2014 de restul se ocup\u0103 ei.\r\n      <\/p>\r\n    <\/header>\r\n  <\/div>\r\n<\/section>\r\n\r\n<style>\r\n\/* ===== Csak a #rentacarmadeira-hero-logo alatt \u00e9l ===== *\/\r\n#rentacarmadeira-hero-logo{\r\n  \/* M\u00e1rka paletta \u2013 #EC7424 *\/\r\n  --ink:#0f172a;          \/* f\u0151 sz\u00f6veg *\/\r\n  --muted:#475569;        \/* kieg\u00e9sz\u00edt\u0151 sz\u00f6veg *\/\r\n  --bg:#f8f7f6;           \/* meleg, semleges h\u00e1tt\u00e9r *\/\r\n  --card:#ffffff;\r\n  --primary:#EC7424;      \/* m\u00e1rkasz\u00edn *\/\r\n  --primary-ink:#fff;\r\n  --stroke:rgba(236,116,36,.28); \/* halv\u00e1ny keret\/\u00e1rny *\/\r\n  font-family:system-ui,-apple-system,\"Segoe UI\",Roboto,Arial,sans-serif;\r\n  color:var(--ink);\r\n}\r\n#rentacarmadeira-hero-logo *{ box-sizing:border-box; }\r\n#rentacarmadeira-hero-logo .wrap{ max-width:1100px; margin:0 auto; padding:10px 12px 20px; }\r\n\r\n\/* Tipogr\u00e1fia \u2013 mobil-els\u0151 *\/\r\n#rentacarmadeira-hero-logo h1{\r\n  font-family:\"Oswald\",system-ui; font-weight:800; letter-spacing:.2px;\r\n  margin:10px 0 8px; font-size:22px; line-height:1.14; color:var(--ink);\r\n  text-align:center; \/* \u2b05\ufe0f c\u00edm k\u00f6z\u00e9pen *\/\r\n}\r\n#rentacarmadeira-hero-logo .lead{\r\n  color:var(--muted); font-size:15px; line-height:1.55; margin:6px 0 0;\r\n  text-align:left; \/* \u2b05\ufe0f lead balra *\/\r\n}\r\n\r\n\/* Hero h\u00e1tt\u00e9r: finom, narancs m\u00e1rkasz\u00edn\u0171 f\u00e9nyek + v\u00edzjel *\/\r\n#rentacarmadeira-hero-logo .hero{\r\n  position:relative; border-radius:18px; padding:18px 12px 14px;\r\n  background:\r\n    radial-gradient(1100px 360px at 15% -10%, rgba(236,116,36,.13), transparent 40%),\r\n    radial-gradient(900px 300px at 100% 120%, rgba(236,116,36,.09), transparent 52%),\r\n    var(--bg);\r\n  box-shadow:0 12px 28px rgba(0,0,0,.06);\r\n  overflow:hidden;\r\n  text-align:left;\r\n}\r\n#rentacarmadeira-hero-logo .hero::after{\r\n  content:attr(data-wm); position:absolute; right:8px; bottom:-10px;\r\n  font-family:\"Oswald\",system-ui; font-weight:800; font-size:110px; line-height:1;\r\n  color:#0f172a; opacity:.03; letter-spacing:.05em; pointer-events:none; white-space:nowrap;\r\n}\r\n\r\n\/* LOG\u00d3KERET \u2014 k\u00f6z\u00e9pen, m\u00e1rkasz\u00ednnel finoman *\/\r\n#rentacarmadeira-hero-logo .brand{\r\n  display:flex; justify-content:center; align-items:center;\r\n  margin-top:2px; margin-bottom:8px;\r\n}\r\n#rentacarmadeira-hero-logo .logo-frame{\r\n  display:inline-flex; align-items:center; justify-content:center;\r\n  padding:10px 14px;\r\n  background:linear-gradient(135deg, rgba(236,116,36,.14), rgba(236,116,36,.06));\r\n  border:1px solid var(--stroke);\r\n  border-radius:14px;\r\n  box-shadow:0 10px 22px rgba(0,0,0,.08), inset 0 0 0 6px rgba(255,255,255,.6);\r\n  max-width:90vw;\r\n}\r\n#rentacarmadeira-hero-logo .logo-frame img{\r\n  display:block; height:48px; width:auto; max-width:100%;\r\n  object-fit:contain; object-position:center;\r\n  filter:drop-shadow(0 1px 2px rgba(0,0,0,.12));\r\n}\r\n\r\n\/* Tablet *\/\r\n@media (min-width:640px){\r\n  #rentacarmadeira-hero-logo h1{ font-size:28px; }\r\n  #rentacarmadeira-hero-logo .logo-frame{ padding:12px 16px; border-radius:16px; }\r\n  #rentacarmadeira-hero-logo .logo-frame img{ height:64px; }\r\n}\r\n\/* Desktop *\/\r\n@media (min-width:980px){\r\n  #rentacarmadeira-hero-logo h1{ font-size:34px; }\r\n  #rentacarmadeira-hero-logo .lead{ font-size:16px; }\r\n  #rentacarmadeira-hero-logo .logo-frame{ padding:14px 18px; border-radius:18px; }\r\n  #rentacarmadeira-hero-logo .logo-frame img{ height:80px; }\r\n}\r\n<\/style>\r\n\t\t\t\t<\/div>\n\t\t\t\t\t<\/div>\n\t\t\t\t<\/div>\n\t\t<div class=\"elementor-element elementor-element-d3b0173 e-flex e-con-boxed e-con e-parent\" data-id=\"d3b0173\" data-element_type=\"container\" data-e-type=\"container\" data-settings=\"{&quot;background_background&quot;:&quot;classic&quot;}\">\n\t\t\t\t\t<div class=\"e-con-inner\">\n\t\t\t\t<div class=\"elementor-element elementor-element-d662f72 elementor-widget elementor-widget-html\" data-id=\"d662f72\" data-element_type=\"widget\" data-e-type=\"widget\" data-widget_type=\"html.default\">\n\t\t\t\t\t<!-- \ud83d\udd38 Rent-A-Car Madeira \u2013 Kiemelt el\u0151ny\u00f6k blokk -->\r\n<section id=\"madeira-advantages\">\r\n  <link href=\"https:\/\/fonts.googleapis.com\/css2?family=Oswald:wght@600;700&display=swap\" rel=\"stylesheet\">\r\n\r\n  <div class=\"wrap\">\r\n    <h2>Ce face Rent-A-Car Madeira s\u0103 ias\u0103 \u00een eviden\u021b\u0103?<\/h2>\r\n\r\n    <div class=\"grid\">\r\n      <article class=\"card\">\r\n        <div class=\"ico\">\ud83d\udcb3<\/div>\r\n        <h3>F\u0103r\u0103 garan\u021bie \u0219i f\u0103r\u0103 card de credit<\/h3>\r\n        <p>\u00cenchiriaz\u0103 u\u0219or \u2014 f\u0103r\u0103 garan\u021bie \u0219i f\u0103r\u0103 card de credit.<\/p>\r\n      <\/article>\r\n\r\n      <article class=\"card\">\r\n        <div class=\"ico\">\ud83e\uddfe<\/div>\r\n        <h3>Pre\u021buri transparente<\/h3>\r\n        <p>F\u0103r\u0103 taxe ascunse, f\u0103r\u0103 surprize \u2014 pl\u0103te\u0219ti exact c\u00e2t vezi.<\/p>\r\n      <\/article>\r\n\r\n      <article class=\"card\">\r\n        <div class=\"ico\">\u2b50<\/div>\r\n        <h3>\u00cencrederea c\u0103l\u0103torilor<\/h3>\r\n        <p>Clien\u021bi mul\u021bumi\u021bi \u0219i recenzii excelente.<\/p>\r\n      <\/article>\r\n\r\n      <article class=\"card\">\r\n        <div class=\"ico\">\ud83d\udcf2<\/div>\r\n        <h3>Asisten\u021b\u0103 clien\u021bi excelent\u0103<\/h3>\r\n        <p>Echip\u0103 prietenoas\u0103 disponibil\u0103 pe WhatsApp sau telefon \u2014 r\u0103spunsuri rapide la \u00eentreb\u0103rile tale.<\/p>\r\n      <\/article>\r\n\r\n      <article class=\"card\">\r\n        <div class=\"ico\">\ud83d\ude97<\/div>\r\n        <h3>Flot\u0103 modern\u0103<\/h3>\r\n        <p>Flota Rent-A-Car ofer\u0103 vehicule moderne \u0219i bine \u00eentre\u021binute pentru orice nevoie.<\/p>\r\n      <\/article>\r\n\r\n      <article class=\"card\">\r\n        <div class=\"ico\">\u2705<\/div>\r\n        <h3>Condi\u021bii flexibile<\/h3>\r\n        <p>Anulare gratuit\u0103 cu 48 de ore \u00eenainte, plata la sosire.<\/p>\r\n      <\/article>\r\n    <\/div>\r\n  <\/div>\r\n<\/section>\r\n\r\n<style>\r\n\/* === Rent-A-Car Madeira \u2013 el\u0151ny\u00f6k blokk === *\/\r\n#madeira-advantages {\r\n  --brand: #EC7424;\r\n  --ink: #0f172a;\r\n  --muted: #475569;\r\n  font-family: system-ui, -apple-system, \"Segoe UI\", Roboto, Arial, sans-serif;\r\n  color: var(--ink);\r\n  padding: 24px 14px 36px;\r\n  background: #F6F7FB;\r\n}\r\n#madeira-advantages .wrap {\r\n  max-width: 1100px;\r\n  margin: 0 auto;\r\n  text-align: center;\r\n}\r\n#madeira-advantages h2 {\r\n  font-family: \"Oswald\", sans-serif;\r\n  font-weight: 700;\r\n  font-size: 28px;\r\n  margin-bottom: 22px;\r\n}\r\n\r\n\/* GRID *\/\r\n#madeira-advantages .grid {\r\n  display: grid;\r\n  gap: 16px;\r\n  grid-template-columns: 1fr;\r\n}\r\n#madeira-advantages .card {\r\n  background: #fff;\r\n  border: 1px solid rgba(15, 23, 42, 0.1);\r\n  border-radius: 14px;\r\n  box-shadow: 0 6px 18px rgba(0, 0, 0, 0.06);\r\n  padding: 22px 16px;\r\n  transition: all 0.2s ease;\r\n}\r\n#madeira-advantages .card:hover {\r\n  transform: translateY(-3px);\r\n  box-shadow: 0 12px 24px rgba(0, 0, 0, 0.1);\r\n}\r\n#madeira-advantages .ico {\r\n  font-size: 34px;\r\n  color: var(--brand);\r\n  margin-bottom: 8px;\r\n}\r\n#madeira-advantages h3 {\r\n  font-family: \"Oswald\", sans-serif;\r\n  font-size: 18px;\r\n  margin: 4px 0;\r\n}\r\n#madeira-advantages p {\r\n  color: var(--muted);\r\n  font-size: 15px;\r\n  line-height: 1.55;\r\n  margin: 0;\r\n}\r\n\r\n\/* TABLET *\/\r\n@media (min-width: 640px) {\r\n  #madeira-advantages .grid {\r\n    grid-template-columns: repeat(2, 1fr);\r\n  }\r\n}\r\n\/* DESKTOP *\/\r\n@media (min-width: 980px) {\r\n  #madeira-advantages .grid {\r\n    grid-template-columns: repeat(3, 1fr);\r\n  }\r\n  #madeira-advantages h2 {\r\n    font-size: 32px;\r\n  }\r\n}\r\n<\/style>\r\n\t\t\t\t<\/div>\n\t\t\t\t<div class=\"elementor-element elementor-element-4904b09 elementor-widget elementor-widget-html\" data-id=\"4904b09\" data-element_type=\"widget\" data-e-type=\"widget\" data-widget_type=\"html.default\">\n\t\t\t\t\t<!-- \ud83d\udd38 Rent-A-Car Madeira \u2013 Promo \/ Kupon blokk (ugyanaz a minta, mint RentX & MADlobos) -->\r\n<section id=\"madeira-promo\">\r\n  <link href=\"https:\/\/fonts.googleapis.com\/css2?family=Oswald:wght@600;700;800&display=swap\" rel=\"stylesheet\">\r\n\r\n  <div class=\"wrap\">\r\n    <h2>Folose\u0219te codul VAMOS10 \u0219i ob\u021bii 10% reducere din pre\u021bul ma\u0219inii<\/h2>\r\n\r\n    <div class=\"promo-card\">\r\n      <div class=\"left\">\r\n        <h3>Cod promo\u021bional Rent-A-Car Madeira<\/h3>\r\n        <p>Folose\u0219te <strong>VAMOS10<\/strong> \u0219i economise\u0219ti <strong>10%<\/strong> din pre\u021bul ma\u0219inii.<\/p>\r\n      <\/div>\r\n\r\n      <div class=\"right\">\r\n        <!-- SEO-bar\u00e1t kuponk\u00e9p -->\r\n        <figure class=\"coupon-graphic\">\r\n          <img decoding=\"async\"\r\n            src=\"https:\/\/madeiracarrentals.com\/wp-content\/uploads\/2025\/02\/Nevtelen-terv-55.png\"\r\n            alt=\"rent-a-car madeira promotional code\"\r\n            title=\"rent-a-car madeira promotional code\"\r\n            loading=\"lazy\"\r\n          \/>\r\n        <\/figure>\r\n\r\n        <!-- Ugyanaz a k\u00f3d-pill (dashed) \u00e9s CTA, mint a RentX\/MADlobos prom\u00f3ban -->\r\n        <div class=\"code\" aria-label=\"kuponk\u00f3d\">VAMOS10<\/div>\r\n        <a class=\"btn\" href=\"#booking\">Rezerv\u0103 acum<\/a>\r\n      <\/div>\r\n    <\/div>\r\n  <\/div>\r\n<\/section>\r\n\r\n<style>\r\n\/* ===== Csak a #madeira-promo blokk alatt \u00e9l \u2013 minta egyezik a kor\u00e1bbi prom\u00f3val ===== *\/\r\n#madeira-promo{\r\n  --brand:#EC7424; --ink:#0f172a; --ring:rgba(236,116,36,.22);\r\n  --ink-on: #fff;\r\n  font-family:system-ui,-apple-system,\"Segoe UI\",Roboto,Arial,sans-serif; color:var(--ink);\r\n}\r\n#madeira-promo .wrap{ max-width:1100px; margin:0 auto; padding:8px 12px 24px; }\r\n#madeira-promo h2{\r\n  font-family:\"Oswald\",system-ui; font-weight:800; letter-spacing:.2px;\r\n  margin:10px 0 12px; font-size:28px; line-height:1.2;\r\n}\r\n@media (min-width:980px){ #madeira-promo h2{ font-size:32px; } }\r\n\r\n#madeira-promo .promo-card{\r\n  display:flex; gap:12px; align-items:center; justify-content:space-between; flex-wrap:wrap;\r\n  background:linear-gradient(135deg, rgba(236,116,36,.12), rgba(236,116,36,.06));\r\n  border:1px solid var(--ring); border-radius:16px; padding:12px 12px;\r\n  box-shadow:0 10px 24px rgba(0,0,0,.08);\r\n}\r\n#madeira-promo .promo-card h3{\r\n  font-family:\"Oswald\",system-ui; margin:0 0 2px; font-size:18px;\r\n}\r\n#madeira-promo .promo-card p{ margin:0; line-height:1.5; }\r\n\r\n\/* Jobb oldal: k\u00e9p + k\u00f3d-pill + CTA ugyanabban a st\u00edlusban *\/\r\n#madeira-promo .right{ display:flex; align-items:center; gap:10px; flex-wrap:wrap; }\r\n#madeira-promo .coupon-graphic{ margin:0; }\r\n#madeira-promo .coupon-graphic img{\r\n  display:block; height:58px; width:auto; max-width:100%;\r\n  border-radius:8px; box-shadow:0 6px 16px rgba(0,0,0,.12);\r\n}\r\n\r\n#madeira-promo .code{\r\n  font-family: ui-monospace, SFMono-Regular, Menlo, Consolas, monospace;\r\n  font-weight:800; letter-spacing:.08em;\r\n  background:#fff; border:2px dashed var(--brand); color:var(--brand);\r\n  padding:7px 12px; border-radius:12px; display:inline-block; min-width:110px; text-align:center;\r\n}\r\n\r\n#madeira-promo .btn{\r\n  display:inline-block; padding:9px 14px; border-radius:12px;\r\n  background:var(--brand); color:var(--ink-on); text-decoration:none; font-weight:800;\r\n  box-shadow:0 10px 24px rgba(236,116,36,.25);\r\n  transition:transform .18s ease, filter .18s ease;\r\n}\r\n#madeira-promo .btn:hover{ filter:brightness(1.05); transform:translateY(-1px); }\r\n\r\n\/* Reszponz\u00edv finom\u00edt\u00e1s *\/\r\n@media (max-width:479px){\r\n  #madeira-promo .coupon-graphic img{ height:46px; }\r\n}\r\n<\/style>\r\n\t\t\t\t<\/div>\n\t\t\t\t<div class=\"elementor-element elementor-element-f68a30d elementor-widget elementor-widget-html\" data-id=\"f68a30d\" data-element_type=\"widget\" data-e-type=\"widget\" data-widget_type=\"html.default\">\n\t\t\t\t\t<!-- \ud83d\udd38 Rent-A-Car Madeira \u2013 Helysz\u00ednek \/ \u00datmutat\u00f3k blokk (glass gombokkal) -->\r\n<section id=\"madeira-locations\">\r\n  <link href=\"https:\/\/fonts.googleapis.com\/css2?family=Oswald:wght@700&display=swap\" rel=\"stylesheet\">\r\n\r\n  <div class=\"wrap\">\r\n    <h2>Unde este disponibil Rent-A-Car Madeira?<\/h2>\r\n\r\n    <div class=\"grid\">\r\n      <!-- Rep\u00fcl\u0151t\u00e9r -->\r\n      <a class=\"card\"\r\n         href=\"https:\/\/madeiracarrentals.com\/ro\/rent-a-car-madeira-guide\/\"\r\n         style=\"--bg:url('https:\/\/madeiracarrentals.com\/wp-content\/uploads\/2025\/10\/madeira-airport-scaled.jpg')\">\r\n        <span class=\"title\">Aeroportul Madeira<\/span>\r\n        <span class=\"cta\">Vezi<\/span>\r\n      <\/a>\r\n\r\n      <!-- Funchal -->\r\n      <a class=\"card\"\r\n         href=\"https:\/\/madeiracarrentals.com\/ro\/rent-a-car-madeira-guide\/\"\r\n         style=\"--bg:url('https:\/\/madeiracarrentals.com\/wp-content\/uploads\/2025\/03\/Snapinst.app_266396166_499109764648795_4226447995820823097_n_1080.jpg')\">\r\n        <span class=\"title\">Funchal<\/span>\r\n        <span class=\"cta\">Vezi<\/span>\r\n      <\/a>\r\n\r\n      <!-- Funchal Hotel -->\r\n      <a class=\"card\"\r\n         href=\"https:\/\/madeiracarrentals.com\/ro\/rent-a-car-madeira-guide\/\"\r\n         style=\"--bg:url('https:\/\/madeiracarrentals.com\/wp-content\/uploads\/2025\/03\/Snapinst.app_266396166_499109764648795_4226447995820823097_n_1080.jpg')\">\r\n        <span class=\"title\">Hotel Funchal<\/span>\r\n        <span class=\"cta\">Vezi<\/span>\r\n      <\/a>\r\n    <\/div>\r\n  <\/div>\r\n<\/section>\r\n\r\n<style>\r\n\/* ===== Csak a #madeira-locations blokk alatt \u00e9l ===== *\/\r\n#madeira-locations{\r\n  --brand:#EC7424; --ink:#0f172a;\r\n  font-family:system-ui,-apple-system,\"Segoe UI\",Roboto,Arial,sans-serif;\r\n  color:var(--ink);\r\n}\r\n#madeira-locations .wrap{ max-width:1100px; margin:0 auto; padding:8px 12px 24px; }\r\n#madeira-locations h2{\r\n  font-family:\"Oswald\",system-ui; font-weight:700; text-align:center;\r\n  margin:12px 0 18px; font-size:28px; line-height:1.2;\r\n}\r\n\r\n\/* GRID *\/\r\n#madeira-locations .grid{\r\n  display:grid; gap:16px; grid-template-columns:1fr;\r\n}\r\n\r\n\/* K\u00c1RTYA + FOT\u00d3 + OVERLAY *\/\r\n#madeira-locations .card{\r\n  position:relative; display:flex; flex-direction:column; justify-content:flex-end;\r\n  min-height:220px; padding:16px; border-radius:16px; overflow:hidden; text-decoration:none;\r\n  border:1px solid rgba(15,23,42,.10); box-shadow:0 10px 22px rgba(0,0,0,.08);\r\n  transition:transform .18s ease, box-shadow .18s ease;\r\n}\r\n#madeira-locations .card::before{\r\n  content:\"\"; position:absolute; inset:0; z-index:0;\r\n  background-image: var(--bg); background-size:cover; background-position:center;\r\n}\r\n#madeira-locations .card::after{\r\n  content:\"\"; position:absolute; inset:0; z-index:1;\r\n  background:linear-gradient(180deg, rgba(0,0,0,.20), rgba(0,0,0,.55));\r\n}\r\n#madeira-locations .card:hover{\r\n  transform:translateY(-2px); box-shadow:0 14px 28px rgba(0,0,0,.12);\r\n}\r\n\r\n\/* C\u00cdM + GLASS CTA *\/\r\n#madeira-locations .title{\r\n  position:relative; z-index:2; color:#fff; font-weight:800;\r\n  font-family:\"Oswald\",system-ui; letter-spacing:.3px;\r\n  font-size:28px; line-height:1.1; text-shadow:0 2px 10px rgba(0,0,0,.35);\r\n}\r\n#madeira-locations .cta{\r\n  position:relative; z-index:2; display:inline-block; margin-top:10px;\r\n  padding:10px 16px; border-radius:14px; font-weight:800; font-size:15px; color:#fff;\r\n  text-decoration:none;\r\n  \/* Glassmorphism *\/\r\n  background:rgba(255,255,255,.18);\r\n  border:1px solid rgba(255,255,255,.36);\r\n  backdrop-filter:blur(10px); -webkit-backdrop-filter:blur(10px);\r\n  box-shadow:0 8px 20px rgba(0,0,0,.18), inset 0 1px 0 rgba(255,255,255,.45);\r\n  transition:transform .18s ease, background-color .18s ease, box-shadow .18s ease;\r\n}\r\n#madeira-locations .cta:hover{\r\n  transform:translateY(-1px);\r\n  background:rgba(255,255,255,.26);\r\n  box-shadow:0 12px 26px rgba(0,0,0,.22), inset 0 1px 0 rgba(255,255,255,.6);\r\n}\r\n\r\n\/* TABLET *\/\r\n@media (min-width:640px){\r\n  #madeira-locations h2{ font-size:30px; }\r\n  #madeira-locations .grid{ grid-template-columns:repeat(2,1fr); }\r\n}\r\n\/* DESKTOP *\/\r\n@media (min-width:980px){\r\n  #madeira-locations .grid{ grid-template-columns:repeat(3,1fr); }\r\n  #madeira-locations .title{ font-size:34px; }\r\n}\r\n\r\n\/* Biztons\u00e1gi tilt\u00e1s: idegen nagy\u00edt\u00f3\/overlay elemek a builderb\u0151l *\/\r\n#madeira-locations .card [class*=\"zoom\"], \r\n#madeira-locations .card .magnifier,\r\n#madeira-locations .card::marker{ display:none !important; content:none !important; }\r\n<\/style>\r\n\t\t\t\t<\/div>\n\t\t\t\t<div class=\"elementor-element elementor-element-317b1f1 elementor-widget elementor-widget-html\" data-id=\"317b1f1\" data-element_type=\"widget\" data-e-type=\"widget\" data-widget_type=\"html.default\">\n\t\t\t\t\t<!-- \ud83d\udd38 Rent-A-Car Madeira \u2014 Biztos\u00edt\u00e1si lehet\u0151s\u00e9gek (csak ez a blokk) -->\r\n<section id=\"madeira-insurance\">\r\n  <link href=\"https:\/\/fonts.googleapis.com\/css2?family=Oswald:wght@700&display=swap\" rel=\"stylesheet\">\r\n\r\n  <div class=\"wrap\">\r\n    <h2>Rent-A-Car Madeira - Op\u021biuni de asigurare<\/h2>\r\n\r\n    <div class=\"ins-grid\">\r\n      <!-- Alap\u00e1r k\u00e1rtya (SZ\u00d6VEG V\u00c1LTOZTAT\u00c1S N\u00c9LK\u00dcL) -->\r\n      <article class=\"ins-card base\">\r\n        <header class=\"ins-head\">\r\n          <span class=\"badge\">Inclus \u00een pre\u021b<\/span>\r\n          <!-- ikon -->\r\n          <svg class=\"ic\" viewBox=\"0 0 24 24\" aria-hidden=\"true\"><path d=\"M12 2a10 10 0 1 0 .001 20.001A10 10 0 0 0 12 2zm-1 14.2-3.6-3.6 1.4-1.4L11 12.6l4.8-4.8 1.4 1.4L11 16.2z\"\/><\/svg>\r\n        <\/header>\r\n        <p>Pre\u021bul de baz\u0103 include protec\u021bie pentru accidente, avarii \u00een parcare \u0219i furt.<\/p>\r\n      <\/article>\r\n\r\n      <!-- Opcion\u00e1lis k\u00e1rtya (SZ\u00d6VEG V\u00c1LTOZTAT\u00c1S N\u00c9LK\u00dcL) -->\r\n      <article class=\"ins-card extra\">\r\n        <header class=\"ins-head\">\r\n          <span class=\"badge alt\">Op\u021bional<\/span>\r\n          <!-- ikon -->\r\n          <svg class=\"ic\" viewBox=\"0 0 24 24\" aria-hidden=\"true\"><path d=\"M12 2a10 10 0 1 0 .001 20.001A10 10 0 0 0 12 2zm1 5v4h4v2h-4v4h-2v-4H7v-2h4V7h2z\"\/><\/svg>\r\n          <span class=\"pill\" aria-hidden=\"true\">10 \u20ac\/zi<\/span>\r\n        <\/header>\r\n        <p>Protec\u021bie suplimentar\u0103 pentru geamuri, ro\u021bi \u0219i oglinzi la 10 \u20ac\/zi.<\/p>\r\n      <\/article>\r\n    <\/div>\r\n  <\/div>\r\n<\/section>\r\n\r\n<style>\r\n\/* ===== Csak a #madeira-insurance alatt \u00e9l ===== *\/\r\n#madeira-insurance{\r\n  --brand:#EC7424;            \/* Rent-A-Car Madeira narancs *\/\r\n  --ink:#0f172a; --muted:#475569;\r\n  --ring:rgba(236,116,36,.22);\r\n  font-family:system-ui,-apple-system,\"Segoe UI\",Roboto,Arial,sans-serif; color:var(--ink);\r\n}\r\n#madeira-insurance .wrap{ max-width:1100px; margin:0 auto; padding:8px 12px 28px; }\r\n#madeira-insurance h2{\r\n  font-family:\"Oswald\",system-ui; font-weight:700; text-align:center;\r\n  margin:12px 0 18px; font-size:28px; line-height:1.2;\r\n}\r\n\r\n\/* GRID *\/\r\n#madeira-insurance .ins-grid{\r\n  display:grid; gap:14px; grid-template-columns:1fr;\r\n}\r\n\r\n\/* K\u00c1RTYA *\/\r\n#madeira-insurance .ins-card{\r\n  position:relative; overflow:hidden;\r\n  background:#fff; border-radius:16px; padding:16px 16px 14px;\r\n  border:1px solid rgba(15,23,42,.10);\r\n  box-shadow:0 10px 22px rgba(0,0,0,.06);\r\n  transition:transform .18s ease, box-shadow .18s ease;\r\n}\r\n#madeira-insurance .ins-card::before{\r\n  \/* finom m\u00e1rkasz\u00edn\u0171 f\u00e9ny-perem *\/\r\n  content:\"\"; position:absolute; inset:-1px; border-radius:18px; z-index:0;\r\n  background:linear-gradient(135deg, rgba(236,116,36,.25), rgba(236,116,36,.05));\r\n  filter:blur(10px); opacity:.55; pointer-events:none;\r\n}\r\n#madeira-insurance .ins-card:hover{ transform:translateY(-2px); box-shadow:0 14px 28px rgba(0,0,0,.12); }\r\n\r\n#madeira-insurance .ins-head{\r\n  position:relative; z-index:1; display:flex; align-items:center; gap:10px; margin-bottom:8px;\r\n}\r\n#madeira-insurance .badge{\r\n  display:inline-block; padding:6px 10px; border-radius:999px; font-weight:800; font-size:12.5px;\r\n  background:rgba(236,116,36,.12); color:#ffas; border:1px solid var(--ring);\r\n}\r\n#madeira-insurance .badge.alt{ background:rgba(236,116,36,.16); }\r\n\r\n#madeira-insurance .pill{\r\n  margin-left:auto; padding:6px 10px; border-radius:10px; font-weight:800; font-size:12.5px;\r\n  \/* glassmorphism hat\u00e1s *\/\r\n  background:rgba(255,255,255,.22);\r\n  border:1px solid rgba(255,255,255,.5);\r\n  backdrop-filter:blur(8px); -webkit-backdrop-filter:blur(8px);\r\n  box-shadow:inset 0 1px 0 rgba(255,255,255,.6), 0 6px 16px rgba(0,0,0,.10);\r\n  color:#0f172a;\r\n}\r\n\r\n#madeira-insurance .ic{\r\n  width:20px; height:20px; flex:0 0 20px; fill:var(--brand);\r\n  filter:drop-shadow(0 1px 2px rgba(236,116,36,.35));\r\n}\r\n\r\n#madeira-insurance p{\r\n  position:relative; z-index:1;\r\n  margin:0; color:var(--muted); font-size:15px; line-height:1.6;\r\n}\r\n\r\n\/* TABLET *\/\r\n@media (min-width:640px){\r\n  #madeira-insurance h2{ font-size:30px; }\r\n  #madeira-insurance .ins-grid{ grid-template-columns:repeat(2,1fr); gap:16px; }\r\n}\r\n\/* DESKTOP *\/\r\n@media (min-width:980px){\r\n  #madeira-insurance h2{ font-size:32px; }\r\n  #madeira-insurance p{ font-size:16px; }\r\n}\r\n<\/style>\r\n\t\t\t\t<\/div>\n\t\t\t\t<div class=\"elementor-element elementor-element-4155190 elementor-widget elementor-widget-html\" data-id=\"4155190\" data-element_type=\"widget\" data-e-type=\"widget\" data-widget_type=\"html.default\">\n\t\t\t\t\t<!-- \ud83d\udd38 Rent-A-Car Madeira \u2013 Z\u00e1r\u00f3 bekezd\u00e9s (csak ez a blokk) -->\r\n<section id=\"madeira-about\">\r\n  <link href=\"https:\/\/fonts.googleapis.com\/css2?family=Oswald:wght@700&display=swap\" rel=\"stylesheet\">\r\n\r\n  <div class=\"wrap\">\r\n    <h2>Despre Rent\u2013A\u2013Car Madeira\u2026<\/h2>\r\n\r\n    <div class=\"content\">\r\n      <p>\r\n        Rent-A-Car Madeira este alegerea ideal\u0103 pentru c\u0103l\u0103torii care apreciaz\u0103 confortul, fiabilitatea \u0219i condi\u021biile transparente. Pre\u021buri simple, vehicule moderne \u0219i servicii centrate pe client \u2014 inclusiv livrare la hotel \u0219i asigurare complet\u0103. Cu ei po\u021bi descoperi Madeira \u00een siguran\u021b\u0103, f\u0103r\u0103 surprize sau costuri ascunse. Dac\u0103 vrei o experien\u021b\u0103 de \u00eenchiriere f\u0103r\u0103 griji, aceasta este o op\u021biune excelent\u0103 \u2014 ca s\u0103 te bucuri pe deplin de frumuse\u021bea insulei.\r\n      <\/p>\r\n    <\/div>\r\n  <\/div>\r\n<\/section>\r\n\r\n<style>\r\n\/* ===== Csak a #madeira-about blokk alatt \u00e9l ===== *\/\r\n#madeira-about{\r\n  --brand:#EC7424; --ink:#0f172a; --muted:#475569;\r\n  font-family:system-ui,-apple-system,\"Segoe UI\",Roboto,Arial,sans-serif;\r\n  color:var(--ink);\r\n}\r\n#madeira-about .wrap{\r\n  max-width:1100px; margin:0 auto; padding:8px 12px 28px;\r\n}\r\n#madeira-about h2{\r\n  font-family:\"Oswald\",system-ui; font-weight:700; letter-spacing:.2px;\r\n  font-size:28px; line-height:1.2; margin:12px 0 14px;\r\n  position:relative; display:inline-block;\r\n}\r\n#madeira-about h2::after{\r\n  content:\"\"; position:absolute; left:0; right:auto; bottom:-8px; height:4px; width:82%;\r\n  background:linear-gradient(90deg, var(--brand), rgba(236,116,36,.15));\r\n  border-radius:999px; box-shadow:0 2px 10px rgba(236,116,36,.35);\r\n}\r\n#madeira-about .content{\r\n  max-width:900px; \/* kellemes sort\u00e1v *\/\r\n}\r\n#madeira-about p{\r\n  margin:0; font-size:15px; line-height:1.65; color:var(--muted);\r\n}\r\n\r\n\/* Desktop m\u00e9retez\u00e9s egys\u00e9gesen a t\u00f6bbi blokkal *\/\r\n@media (min-width:980px){\r\n  #madeira-about h2{ font-size:32px; }\r\n  #madeira-about p{ font-size:16px; }\r\n}\r\n<\/style>\r\n\t\t\t\t<\/div>\n\t\t\t\t\t<\/div>\n\t\t\t\t<\/div>\n\t\t\t\t<\/div>\n\t\t","protected":false},"excerpt":{"rendered":"<p>Rent-A-Car Madeira &#8211; Flexible and Reliable Car Rental \u00een Madeira Rent-A-Car Madeira este un serviciu de \u00eenchiriere auto de \u00eencredere, flexibil, dedicat simplific\u0103rii c\u0103l\u0103toriilor dvs. \u00een Madeira. Cu o flot\u0103 modern\u0103 \u0219i condi\u021bii clare de \u00eenchiriere, v\u0103 ofer\u0103 o experien\u021b\u0103 f\u0103r\u0103 complica\u021bii, f\u0103r\u0103 complica\u021biile obi\u0219nuite ale \u00eenchirierii &#8211; f\u0103r\u0103 cerin\u021be privind cardurile de credit, depozite [&hellip;]<\/p>\n","protected":false},"author":1,"featured_media":13123,"comment_status":"closed","ping_status":"closed","sticky":false,"template":"elementor_header_footer","format":"standard","meta":{"_glsr_average":0,"_glsr_ranking":0,"_glsr_reviews":0,"footnotes":""},"categories":[36],"tags":[],"class_list":["post-13552","post","type-post","status-publish","format-standard","has-post-thumbnail","hentry","category-uncategorized-ro"],"_links":{"self":[{"href":"https:\/\/madeiracarrentals.com\/ro\/wp-json\/wp\/v2\/posts\/13552","targetHints":{"allow":["GET"]}}],"collection":[{"href":"https:\/\/madeiracarrentals.com\/ro\/wp-json\/wp\/v2\/posts"}],"about":[{"href":"https:\/\/madeiracarrentals.com\/ro\/wp-json\/wp\/v2\/types\/post"}],"author":[{"embeddable":true,"href":"https:\/\/madeiracarrentals.com\/ro\/wp-json\/wp\/v2\/users\/1"}],"replies":[{"embeddable":true,"href":"https:\/\/madeiracarrentals.com\/ro\/wp-json\/wp\/v2\/comments?post=13552"}],"version-history":[{"count":0,"href":"https:\/\/madeiracarrentals.com\/ro\/wp-json\/wp\/v2\/posts\/13552\/revisions"}],"wp:featuredmedia":[{"embeddable":true,"href":"https:\/\/madeiracarrentals.com\/ro\/wp-json\/wp\/v2\/media\/13123"}],"wp:attachment":[{"href":"https:\/\/madeiracarrentals.com\/ro\/wp-json\/wp\/v2\/media?parent=13552"}],"wp:term":[{"taxonomy":"category","embeddable":true,"href":"https:\/\/madeiracarrentals.com\/ro\/wp-json\/wp\/v2\/categories?post=13552"},{"taxonomy":"post_tag","embeddable":true,"href":"https:\/\/madeiracarrentals.com\/ro\/wp-json\/wp\/v2\/tags?post=13552"}],"curies":[{"name":"wp","href":"https:\/\/api.w.org\/{rel}","templated":true}]}}